[{"@context":"https:\/\/schema.org\/","@type":"Article","@id":"https:\/\/www.tessera.sk\/male-deti-treba-odplienkovat\/#Article","mainEntityOfPage":"https:\/\/www.tessera.sk\/male-deti-treba-odplienkovat\/","headline":"Mal\u00e9 deti treba odplienkova\u0165","name":"Mal\u00e9 deti treba odplienkova\u0165","description":"Ak by ste si chceli u\u017e kone\u010dne zariadi\u0165 rodinu, mus\u00ed s\u00a0t\u00fdm s\u00fahlasi\u0165 aj v\u00e1\u0161 partner. Ve\u013eakr\u00e1t sa stane, \u017ee pr\u00e1ve \u017eeny je inici\u00e1torka toho, \u017ee by chcela by\u0165 matkou. Mnoh\u00ed mu\u017ei nie s\u00fa na to pripraven\u00ed. Ak m\u00e1te pocit, \u017ee je najvy\u0161\u0161\u00ed \u010das na splodenie potomka, je ve\u013emi d\u00f4le\u017eit\u00e9, aby aj v\u00e1\u0161 partner bol rovnak\u00e9ho [&hellip;]","datePublished":"2024-06-30","dateModified":"2024-06-30","author":{"@type":"Person","@id":"https:\/\/www.tessera.sk\/author\/#Person","name":"","url":"https:\/\/www.tessera.sk\/author\/","identifier":1,"image":{"@type":"ImageObject","@id":"https:\/\/secure.gravatar.com\/avatar\/f14f9548cfce1bfc4b3267434069a757db9568e455121a8852ede019c83b3b5e?s=96&d=mm&r=g","url":"https:\/\/secure.gravatar.com\/avatar\/f14f9548cfce1bfc4b3267434069a757db9568e455121a8852ede019c83b3b5e?s=96&d=mm&r=g","height":96,"width":96}},"publisher":{"@type":"Organization","name":"tessera.sk","logo":{"@type":"ImageObject","@id":"\/logo.png","url":"\/logo.png","width":600,"height":60}},"image":{"@type":"ImageObject","@id":"https:\/\/www.tessera.sk\/wp-content\/uploads\/ai-generated-8922070_640.jpg","url":"https:\/\/www.tessera.sk\/wp-content\/uploads\/ai-generated-8922070_640.jpg","height":0,"width":0},"url":"https:\/\/www.tessera.sk\/male-deti-treba-odplienkovat\/","about":["Deti"],"wordCount":447,"articleBody":"Ak by ste si chceli u\u017e kone\u010dne zariadi\u0165 rodinu, mus\u00ed s\u00a0t\u00fdm s\u00fahlasi\u0165 aj v\u00e1\u0161 partner. Ve\u013eakr\u00e1t sa stane, \u017ee pr\u00e1ve \u017eeny je inici\u00e1torka toho, \u017ee by chcela by\u0165 matkou. Mnoh\u00ed mu\u017ei nie s\u00fa na to pripraven\u00ed. Ak m\u00e1te pocit, \u017ee je najvy\u0161\u0161\u00ed \u010das na splodenie potomka, je ve\u013emi d\u00f4le\u017eit\u00e9, aby aj v\u00e1\u0161 partner bol rovnak\u00e9ho n\u00e1zoru. Ak m\u00e1te rovnak\u00e9 priority, aj viac sa budete te\u0161i\u0165 z\u00a0toho, \u017ee ste svoje die\u0165atko po\u010dali. Za\u010dnete sa zauj\u00edma\u0165 o\u00a0to, \u010do va\u0161e die\u0165atko bude potrebova\u0165. Nakupovanie detsk\u00fdch potrieb je ve\u013emi kr\u00e1snym obdob\u00edm pre mnoh\u00e9 \u017eeny. Pr\u00e1ve vtedy si upev\u0148uj\u00fa l\u00e1sku k\u00a0e\u0161te nenaroden\u00e9mu die\u0165atku. Aj vy sa te\u0161\u00edte, ke\u010f prv\u00fdkr\u00e1t uvid\u00edte svoje b\u00e1b\u00e4tko? B\u00e1b\u00e4tk\u00e1 s\u00fa n\u00e1dhern\u00e9 nevinn\u00e9 stvorenia, ktor\u00e9 v\u00e1m u\u017e nikto nevezme. O\u00a0b\u00e1b\u00e4tko sa mus\u00edte stara\u0165, a\u00a0to aj cez de\u0148, ale aj v\u00a0noci. Zo za\u010diatku to bude ve\u013emi n\u00e1ro\u010dn\u00fd obdob\u00edm, no verte mi, \u017ee die\u0165atko bude spokojn\u00e9. Toto obdobie ve\u013emi r\u00fdchlo prejde a\u00a0potom u\u017e na toto obdobie budete len spom\u00edna\u0165. Viete, ako deti r\u00fdchlo rast\u00fa? M\u00f4j dev\u00e4\u0165ro\u010dn\u00fd syn ka\u017ed\u00e9 dva mesiace vyrastie o\u00a0dva a\u017e \u0161tyri centimetre. Zd\u00e1 sa mi to celkom ve\u013ea. Inak v\u0161ak rast\u00fa mal\u00e9 deti\u010dky a\u00a0inak tie star\u0161ie. Ka\u017ed\u00e9 die\u0165a sa vyv\u00edja rozdielne. Die\u0165atko do troch rokov je vo v\u00fd\u0161ke asi tak\u00fd meter. Mal\u00e9 deti s\u00fa ve\u013emi roztomil\u00e9. M\u00f4\u017eete ich u\u010di\u0165 r\u00f4zne veci.Mnoho mami\u010diek tr\u00e1pi odplienkovacie obdobie. Aj vy sa pr\u00e1ve odplienkov\u00e1vania ob\u00e1vate najviac? Na odplienkovanie si mus\u00edte nielen vy zvykn\u00fa\u0165, ale aj pre die\u0165a je to ve\u013emi n\u00e1ro\u010dn\u00e9. Mus\u00ed si zvykn\u00fa\u0165 na to, \u017ee m\u00e1 zadr\u017ea\u0165 svoju potrebu a\u00a0vyp\u00fdta\u0165 sa na no\u010dn\u00edk. Toto obdobie m\u00f4\u017ee trva\u0165 aj zop\u00e1r mesiacov, kedy by ste nemali str\u00e1ca\u0165 hlavu. Nem\u00f4\u017eete to len tak vzda\u0165, ke\u010f ste tomu venovali to\u013eko svojho \u010dasu. Va\u0161e die\u0165atko sa to raz nau\u010d\u00ed. Ve\u013eakr\u00e1t sa stane, \u017ee p\u00e4\u0165ro\u010dn\u00e9 deti nosia e\u0161te niekedy plienky. To je ve\u013emi dlh\u00e1 doba a\u00a0tak\u00e9to star\u00e9 die\u0165atko by u\u017e rozhodne malo by\u0165 bez plienok. Plienky tie\u017e nie s\u00fa najlacnej\u0161ie a\u00a0\u010d\u00edm sk\u00f4r svoje die\u0165atko odplienkujete, t\u00fdm sk\u00f4r m\u00f4\u017eete peniaze za plienky u\u0161etri\u0165.                                                                                                                                                                                                                                                                                                                                                                                        3.7\/5 - (6 votes)        "},{"@context":"https:\/\/schema.org\/","@type":"BreadcrumbList","itemListElement":[{"@type":"ListItem","position":1,"name":"Mal\u00e9 deti treba odplienkova\u0165","item":"https:\/\/www.tessera.sk\/male-deti-treba-odplienkovat\/#breadcrumbitem"}]}]